{"id":5607,"date":"2023-11-13T15:23:32","date_gmt":"2023-11-13T15:23:32","guid":{"rendered":"https:\/\/powerdot.eu\/?p=5607"},"modified":"2023-11-13T15:58:03","modified_gmt":"2023-11-13T15:58:03","slug":"powerdot-et-idex","status":"publish","type":"post","link":"https:\/\/www.powerdot.eu\/fr\/blog\/powerdot-et-idex","title":{"rendered":"Powerdot et IDEX associent bornes de recharge et ombri\u00e8res photovolta\u00efques dans une offre clef en main pour la d\u00e9carbonation des parkings commerciaux"},"content":{"rendered":"","protected":false},"excerpt":{"rendered":"<p>Cette offre exclusive permet aux acteurs du Retail d\u2019acc\u00e9l\u00e9rer l\u2019\u00e9quipement de leurs parkings en conformit\u00e9 avec la Loi LOM et la Loi EnR.<\/p>\n","protected":false},"author":6,"featured_media":5621,"comment_status":"open","ping_status":"open","sticky":false,"template":"","format":"standard","meta":{"inline_featured_image":false,"footnotes":""},"categories":[49],"tags":[],"class_list":["post-5607","post","type-post","status-publish","format-standard","has-post-thumbnail","hentry","category-partenariat"],"acf":[],"yoast_head":"<!-- This site is optimized with the Yoast SEO Premium plugin v23.6 (Yoast SEO v23.6) - https:\/\/yoast.com\/wordpress\/plugins\/seo\/ -->\n<title>Powerdot et IDEX associent bornes de recharge et ombri\u00e8res photovolta\u00efques dans une offre clef en main pour la d\u00e9carbonation des parkings commerciaux - Powerdot<\/title>\n<meta name=\"description\" content=\"Cette offre exclusive permet aux acteurs du Retail d\u2019acc\u00e9l\u00e9rer l\u2019\u00e9quipement de leurs parkings en conformit\u00e9 avec la Loi LOM et la Loi EnR.\" \/>\n<meta name=\"robots\" content=\"index, follow, max-snippet:-1, max-image-preview:large, max-video-preview:-1\" \/>\n<link rel=\"canonical\" href=\"https:\/\/www.powerdot.eu\/fr\/blog\/powerdot-et-idex\" \/>\n<meta property=\"og:locale\" content=\"fr_FR\" \/>\n<meta property=\"og:type\" content=\"article\" \/>\n<meta property=\"og:title\" content=\"Powerdot et IDEX associent bornes de recharge et ombri\u00e8res photovolta\u00efques dans une offre clef en main pour la d\u00e9carbonation des parkings commerciaux\" \/>\n<meta property=\"og:description\" content=\"Cette offre exclusive permet aux acteurs du Retail d\u2019acc\u00e9l\u00e9rer l\u2019\u00e9quipement de leurs parkings en conformit\u00e9 avec la Loi LOM et la Loi EnR.\" \/>\n<meta property=\"og:url\" content=\"https:\/\/www.powerdot.eu\/fr\/blog\/powerdot-et-idex\" \/>\n<meta property=\"og:site_name\" content=\"Powerdot\" \/>\n<meta property=\"article:published_time\" content=\"2023-11-13T15:23:32+00:00\" \/>\n<meta property=\"article:modified_time\" content=\"2023-11-13T15:58:03+00:00\" \/>\n<meta property=\"og:image\" content=\"https:\/\/powerdot.eu\/wp-content\/uploads\/2023\/11\/Powerdot-FR-NL-November_Prancheta-1-2.webp\" \/>\n\t<meta property=\"og:image:width\" content=\"800\" \/>\n\t<meta property=\"og:image:height\" content=\"800\" \/>\n\t<meta property=\"og:image:type\" content=\"image\/webp\" \/>\n<meta name=\"author\" content=\"CML\" \/>\n<meta name=\"twitter:card\" content=\"summary_large_image\" \/>\n<meta name=\"twitter:label1\" content=\"\u00c9crit par\" \/>\n\t<meta name=\"twitter:data1\" content=\"CML\" \/>\n<script type=\"application\/ld+json\" class=\"yoast-schema-graph\">{\"@context\":\"https:\/\/schema.org\",\"@graph\":[{\"@type\":\"WebPage\",\"@id\":\"https:\/\/www.powerdot.eu\/fr\/blog\/powerdot-et-idex\",\"url\":\"https:\/\/www.powerdot.eu\/fr\/blog\/powerdot-et-idex\",\"name\":\"Powerdot et IDEX associent bornes de recharge et ombri\u00e8res photovolta\u00efques dans une offre clef en main pour la d\u00e9carbonation des parkings commerciaux - Powerdot\",\"isPartOf\":{\"@id\":\"https:\/\/powerdot.eu\/en#website\"},\"primaryImageOfPage\":{\"@id\":\"https:\/\/www.powerdot.eu\/fr\/blog\/powerdot-et-idex#primaryimage\"},\"image\":{\"@id\":\"https:\/\/www.powerdot.eu\/fr\/blog\/powerdot-et-idex#primaryimage\"},\"thumbnailUrl\":\"https:\/\/www.powerdot.eu\/wp-content\/uploads\/2023\/11\/Powerdot-FR-NL-November_Prancheta-1-2.webp\",\"datePublished\":\"2023-11-13T15:23:32+00:00\",\"dateModified\":\"2023-11-13T15:58:03+00:00\",\"author\":{\"@id\":\"https:\/\/powerdot.eu\/en#\/schema\/person\/b6c7b04fcdf59446240c56c4a29a4e95\"},\"description\":\"Cette offre exclusive permet aux acteurs du Retail d\u2019acc\u00e9l\u00e9rer l\u2019\u00e9quipement de leurs parkings en conformit\u00e9 avec la Loi LOM et la Loi EnR.\",\"breadcrumb\":{\"@id\":\"https:\/\/www.powerdot.eu\/fr\/blog\/powerdot-et-idex#breadcrumb\"},\"inLanguage\":\"fr-FR\",\"potentialAction\":[{\"@type\":\"ReadAction\",\"target\":[\"https:\/\/www.powerdot.eu\/fr\/blog\/powerdot-et-idex\"]}]},{\"@type\":\"ImageObject\",\"inLanguage\":\"fr-FR\",\"@id\":\"https:\/\/www.powerdot.eu\/fr\/blog\/powerdot-et-idex#primaryimage\",\"url\":\"https:\/\/www.powerdot.eu\/wp-content\/uploads\/2023\/11\/Powerdot-FR-NL-November_Prancheta-1-2.webp\",\"contentUrl\":\"https:\/\/www.powerdot.eu\/wp-content\/uploads\/2023\/11\/Powerdot-FR-NL-November_Prancheta-1-2.webp\",\"width\":800,\"height\":800},{\"@type\":\"BreadcrumbList\",\"@id\":\"https:\/\/www.powerdot.eu\/fr\/blog\/powerdot-et-idex#breadcrumb\",\"itemListElement\":[{\"@type\":\"ListItem\",\"position\":1,\"name\":\"In\u00edcio\",\"item\":\"https:\/\/www.powerdot.eu\/fr\"},{\"@type\":\"ListItem\",\"position\":2,\"name\":\"Powerdot et IDEX associent bornes de recharge et ombri\u00e8res photovolta\u00efques dans une offre clef en main pour la d\u00e9carbonation des parkings commerciaux\"}]},{\"@type\":\"WebSite\",\"@id\":\"https:\/\/powerdot.eu\/en#website\",\"url\":\"https:\/\/powerdot.eu\/en\",\"name\":\"Powerdot\",\"description\":\"\",\"potentialAction\":[{\"@type\":\"SearchAction\",\"target\":{\"@type\":\"EntryPoint\",\"urlTemplate\":\"https:\/\/powerdot.eu\/en?s={search_term_string}\"},\"query-input\":{\"@type\":\"PropertyValueSpecification\",\"valueRequired\":true,\"valueName\":\"search_term_string\"}}],\"inLanguage\":\"fr-FR\"},{\"@type\":\"Person\",\"@id\":\"https:\/\/powerdot.eu\/en#\/schema\/person\/b6c7b04fcdf59446240c56c4a29a4e95\",\"name\":\"CML\",\"image\":{\"@type\":\"ImageObject\",\"inLanguage\":\"fr-FR\",\"@id\":\"https:\/\/powerdot.eu\/en#\/schema\/person\/image\/\",\"url\":\"https:\/\/secure.gravatar.com\/avatar\/00b6ff9d492c6e8cbc08fcbeb9e375ea?s=96&d=mm&r=g\",\"contentUrl\":\"https:\/\/secure.gravatar.com\/avatar\/00b6ff9d492c6e8cbc08fcbeb9e375ea?s=96&d=mm&r=g\",\"caption\":\"CML\"}}]}<\/script>\n<!-- \/ Yoast SEO Premium plugin. -->","yoast_head_json":{"title":"Powerdot et IDEX associent bornes de recharge et ombri\u00e8res photovolta\u00efques dans une offre clef en main pour la d\u00e9carbonation des parkings commerciaux - Powerdot","description":"Cette offre exclusive permet aux acteurs du Retail d\u2019acc\u00e9l\u00e9rer l\u2019\u00e9quipement de leurs parkings en conformit\u00e9 avec la Loi LOM et la Loi EnR.","robots":{"index":"index","follow":"follow","max-snippet":"max-snippet:-1","max-image-preview":"max-image-preview:large","max-video-preview":"max-video-preview:-1"},"canonical":"https:\/\/www.powerdot.eu\/fr\/blog\/powerdot-et-idex","og_locale":"fr_FR","og_type":"article","og_title":"Powerdot et IDEX associent bornes de recharge et ombri\u00e8res photovolta\u00efques dans une offre clef en main pour la d\u00e9carbonation des parkings commerciaux","og_description":"Cette offre exclusive permet aux acteurs du Retail d\u2019acc\u00e9l\u00e9rer l\u2019\u00e9quipement de leurs parkings en conformit\u00e9 avec la Loi LOM et la Loi EnR.","og_url":"https:\/\/www.powerdot.eu\/fr\/blog\/powerdot-et-idex","og_site_name":"Powerdot","article_published_time":"2023-11-13T15:23:32+00:00","article_modified_time":"2023-11-13T15:58:03+00:00","og_image":[{"width":800,"height":800,"url":"https:\/\/powerdot.eu\/wp-content\/uploads\/2023\/11\/Powerdot-FR-NL-November_Prancheta-1-2.webp","type":"image\/webp"}],"author":"CML","twitter_card":"summary_large_image","twitter_misc":{"\u00c9crit par":"CML"},"schema":{"@context":"https:\/\/schema.org","@graph":[{"@type":"WebPage","@id":"https:\/\/www.powerdot.eu\/fr\/blog\/powerdot-et-idex","url":"https:\/\/www.powerdot.eu\/fr\/blog\/powerdot-et-idex","name":"Powerdot et IDEX associent bornes de recharge et ombri\u00e8res photovolta\u00efques dans une offre clef en main pour la d\u00e9carbonation des parkings commerciaux - Powerdot","isPartOf":{"@id":"https:\/\/powerdot.eu\/en#website"},"primaryImageOfPage":{"@id":"https:\/\/www.powerdot.eu\/fr\/blog\/powerdot-et-idex#primaryimage"},"image":{"@id":"https:\/\/www.powerdot.eu\/fr\/blog\/powerdot-et-idex#primaryimage"},"thumbnailUrl":"https:\/\/www.powerdot.eu\/wp-content\/uploads\/2023\/11\/Powerdot-FR-NL-November_Prancheta-1-2.webp","datePublished":"2023-11-13T15:23:32+00:00","dateModified":"2023-11-13T15:58:03+00:00","author":{"@id":"https:\/\/powerdot.eu\/en#\/schema\/person\/b6c7b04fcdf59446240c56c4a29a4e95"},"description":"Cette offre exclusive permet aux acteurs du Retail d\u2019acc\u00e9l\u00e9rer l\u2019\u00e9quipement de leurs parkings en conformit\u00e9 avec la Loi LOM et la Loi EnR.","breadcrumb":{"@id":"https:\/\/www.powerdot.eu\/fr\/blog\/powerdot-et-idex#breadcrumb"},"inLanguage":"fr-FR","potentialAction":[{"@type":"ReadAction","target":["https:\/\/www.powerdot.eu\/fr\/blog\/powerdot-et-idex"]}]},{"@type":"ImageObject","inLanguage":"fr-FR","@id":"https:\/\/www.powerdot.eu\/fr\/blog\/powerdot-et-idex#primaryimage","url":"https:\/\/www.powerdot.eu\/wp-content\/uploads\/2023\/11\/Powerdot-FR-NL-November_Prancheta-1-2.webp","contentUrl":"https:\/\/www.powerdot.eu\/wp-content\/uploads\/2023\/11\/Powerdot-FR-NL-November_Prancheta-1-2.webp","width":800,"height":800},{"@type":"BreadcrumbList","@id":"https:\/\/www.powerdot.eu\/fr\/blog\/powerdot-et-idex#breadcrumb","itemListElement":[{"@type":"ListItem","position":1,"name":"In\u00edcio","item":"https:\/\/www.powerdot.eu\/fr"},{"@type":"ListItem","position":2,"name":"Powerdot et IDEX associent bornes de recharge et ombri\u00e8res photovolta\u00efques dans une offre clef en main pour la d\u00e9carbonation des parkings commerciaux"}]},{"@type":"WebSite","@id":"https:\/\/powerdot.eu\/en#website","url":"https:\/\/powerdot.eu\/en","name":"Powerdot","description":"","potentialAction":[{"@type":"SearchAction","target":{"@type":"EntryPoint","urlTemplate":"https:\/\/powerdot.eu\/en?s={search_term_string}"},"query-input":{"@type":"PropertyValueSpecification","valueRequired":true,"valueName":"search_term_string"}}],"inLanguage":"fr-FR"},{"@type":"Person","@id":"https:\/\/powerdot.eu\/en#\/schema\/person\/b6c7b04fcdf59446240c56c4a29a4e95","name":"CML","image":{"@type":"ImageObject","inLanguage":"fr-FR","@id":"https:\/\/powerdot.eu\/en#\/schema\/person\/image\/","url":"https:\/\/secure.gravatar.com\/avatar\/00b6ff9d492c6e8cbc08fcbeb9e375ea?s=96&d=mm&r=g","contentUrl":"https:\/\/secure.gravatar.com\/avatar\/00b6ff9d492c6e8cbc08fcbeb9e375ea?s=96&d=mm&r=g","caption":"CML"}}]}},"_links":{"self":[{"href":"https:\/\/www.powerdot.eu\/fr\/wp-json\/wp\/v2\/posts\/5607"}],"collection":[{"href":"https:\/\/www.powerdot.eu\/fr\/wp-json\/wp\/v2\/posts"}],"about":[{"href":"https:\/\/www.powerdot.eu\/fr\/wp-json\/wp\/v2\/types\/post"}],"author":[{"embeddable":true,"href":"https:\/\/www.powerdot.eu\/fr\/wp-json\/wp\/v2\/users\/6"}],"replies":[{"embeddable":true,"href":"https:\/\/www.powerdot.eu\/fr\/wp-json\/wp\/v2\/comments?post=5607"}],"version-history":[{"count":3,"href":"https:\/\/www.powerdot.eu\/fr\/wp-json\/wp\/v2\/posts\/5607\/revisions"}],"predecessor-version":[{"id":5610,"href":"https:\/\/www.powerdot.eu\/fr\/wp-json\/wp\/v2\/posts\/5607\/revisions\/5610"}],"wp:featuredmedia":[{"embeddable":true,"href":"https:\/\/www.powerdot.eu\/fr\/wp-json\/wp\/v2\/media\/5621"}],"wp:attachment":[{"href":"https:\/\/www.powerdot.eu\/fr\/wp-json\/wp\/v2\/media?parent=5607"}],"wp:term":[{"taxonomy":"category","embeddable":true,"href":"https:\/\/www.powerdot.eu\/fr\/wp-json\/wp\/v2\/categories?post=5607"},{"taxonomy":"post_tag","embeddable":true,"href":"https:\/\/www.powerdot.eu\/fr\/wp-json\/wp\/v2\/tags?post=5607"}],"curies":[{"name":"wp","href":"https:\/\/api.w.org\/{rel}","templated":true}]}}